{"id":3438,"date":"2020-06-01T20:27:40","date_gmt":"2020-06-01T20:27:40","guid":{"rendered":"https:\/\/www2.umc.br\/noticias\/?p=3438"},"modified":"2021-12-23T20:30:31","modified_gmt":"2021-12-23T20:30:31","slug":"devido-ao-sucesso-minicursos-gratuitos-sao-prorrogados-ate-15-de-junho","status":"publish","type":"post","link":"https:\/\/www.umc.br\/noticias\/devido-ao-sucesso-minicursos-gratuitos-sao-prorrogados-ate-15-de-junho\/","title":{"rendered":"Devido ao sucesso, minicursos gratuitos s\u00e3o prorrogados at\u00e9 15 de junho"},"content":{"rendered":"\t\t<div data-elementor-type=\"wp-post\" data-elementor-id=\"3438\" class=\"elementor elementor-3438\" data-elementor-settings=\"{&quot;ha_cmc_init_switcher&quot;:&quot;no&quot;}\" data-elementor-post-type=\"post\">\n\t\t\t\t\t\t<section data-particle_enable=\"false\" data-particle-mobile-disabled=\"false\" class=\"elementor-section elementor-top-section elementor-element elementor-element-bd877fb elementor-section-boxed elementor-section-height-default elementor-section-height-default\" data-id=\"bd877fb\" data-element_type=\"section\" data-e-type=\"section\" data-settings=\"{&quot;_ha_eqh_enable&quot;:false,&quot;ekit_has_onepagescroll_dot&quot;:&quot;yes&quot;}\">\n\t\t\t\t\t\t<div class=\"elementor-container elementor-column-gap-default\">\n\t\t\t\t\t<div class=\"elementor-column elementor-col-100 elementor-top-column elementor-element elementor-element-fb01951\" data-id=\"fb01951\" data-element_type=\"column\" data-e-type=\"column\">\n\t\t\t<div class=\"elementor-widget-wrap elementor-element-populated\">\n\t\t\t\t\t\t<div class=\"elementor-element elementor-element-fcc5457 elementor-widget elementor-widget-text-editor\" data-id=\"fcc5457\" data-element_type=\"widget\" data-e-type=\"widget\" data-settings=\"{&quot;ekit_we_effect_on&quot;:&quot;none&quot;}\" data-widget_type=\"text-editor.default\">\n\t\t\t\t<div class=\"elementor-widget-container\">\n\t\t\t\t\t\t\t\t\t<p style=\"text-align: justify;\">Devido ao sucesso dos minicursos gratuitos por EAD oferecidos pela UMC, com mais de 5.500 inscritos e tendo em vista a manuten\u00e7\u00e3o do per\u00edodo de quarentena, a UMC est\u00e1 prorrogando as inscri\u00e7\u00f5es, para o p\u00fablico acad\u00eamico e externo, at\u00e9 o dia 15 de junho.<\/p><p style=\"text-align: justify;\">Os minicursos da UMC s\u00e3o r\u00e1pidos, totalmente online e destinados a quem quer se aperfei\u00e7oar em um assunto espec\u00edfico. Portanto, se voc\u00ea ainda n\u00e3o se inscreveu, para realizar a matr\u00edcula de forma gratuita, acesse o link: lnkd.in\/dH-rBxK e siga at\u00e9 a \u00faltima tela padr\u00e3o.<\/p><p style=\"text-align: justify;\">Vale lembrar que os 25 cursos oferecidos s\u00e3o nas \u00e1reas de Gest\u00e3o da Qualidade, Lideran\u00e7a e Gerenciamento, Recursos Humanos, Finan\u00e7as, Contabilidade, Marketing, Educa\u00e7\u00e3o e Acessibilidade. Al\u00e9m do conte\u00fado, o interessado receber\u00e1, ao final do curso, um certificado do curso de extens\u00e3o escolhido com carga hor\u00e1ria de at\u00e9 15h.<\/p>\t\t\t\t\t\t\t\t<\/div>\n\t\t\t\t<\/div>\n\t\t\t\t\t<\/div>\n\t\t<\/div>\n\t\t\t\t\t<\/div>\n\t\t<\/section>\n\t\t\t\t<\/div>\n\t\t","protected":false},"excerpt":{"rendered":"<p>Devido ao sucesso dos minicursos gratuitos por EAD oferecidos pela UMC, com mais de 5.500 inscritos e tendo em vista a manuten\u00e7\u00e3o do per\u00edodo de quarentena, a UMC est\u00e1 prorrogando as inscri\u00e7\u00f5es, para o p\u00fablico acad\u00eamico e externo, at\u00e9 o dia 15 de junho. Os minicursos da UMC s\u00e3o r\u00e1pidos, totalmente online e destinados a [&hellip;]<\/p>\n","protected":false},"author":990015,"featured_media":3439,"comment_status":"closed","ping_status":"closed","sticky":false,"template":"","format":"standard","meta":{"_eb_attr":"","footnotes":""},"categories":[1],"tags":[],"class_list":["post-3438","post","type-post","status-publish","format-standard","has-post-thumbnail","hentry","category-noticias-umc"],"blocksy_meta":{"styles_descriptor":{"styles":{"desktop":"","tablet":"","mobile":""},"google_fonts":[],"version":6}},"rttpg_featured_image_url":{"full":["https:\/\/www.umc.br\/noticias\/wp-content\/uploads\/2021\/12\/d6a97299019945a158a6041a4d5a2026.png",200,150,false],"landscape":["https:\/\/www.umc.br\/noticias\/wp-content\/uploads\/2021\/12\/d6a97299019945a158a6041a4d5a2026.png",200,150,false],"portraits":["https:\/\/www.umc.br\/noticias\/wp-content\/uploads\/2021\/12\/d6a97299019945a158a6041a4d5a2026.png",200,150,false],"thumbnail":["https:\/\/www.umc.br\/noticias\/wp-content\/uploads\/2021\/12\/d6a97299019945a158a6041a4d5a2026-150x150.png",150,150,true],"medium":["https:\/\/www.umc.br\/noticias\/wp-content\/uploads\/2021\/12\/d6a97299019945a158a6041a4d5a2026.png",200,150,false],"large":["https:\/\/www.umc.br\/noticias\/wp-content\/uploads\/2021\/12\/d6a97299019945a158a6041a4d5a2026.png",200,150,false],"1536x1536":["https:\/\/www.umc.br\/noticias\/wp-content\/uploads\/2021\/12\/d6a97299019945a158a6041a4d5a2026.png",200,150,false],"2048x2048":["https:\/\/www.umc.br\/noticias\/wp-content\/uploads\/2021\/12\/d6a97299019945a158a6041a4d5a2026.png",200,150,false],"tp-image-grid":["https:\/\/www.umc.br\/noticias\/wp-content\/uploads\/2021\/12\/d6a97299019945a158a6041a4d5a2026.png",200,150,false],"bdfe-large-thumb":["https:\/\/www.umc.br\/noticias\/wp-content\/uploads\/2021\/12\/d6a97299019945a158a6041a4d5a2026.png",200,150,false],"bdfe-hero-slider-thumb":["https:\/\/www.umc.br\/noticias\/wp-content\/uploads\/2021\/12\/d6a97299019945a158a6041a4d5a2026.png",200,150,false]},"rttpg_author":{"display_name":"Renato Nascimento","author_link":"https:\/\/www.umc.br\/noticias\/author\/renato\/"},"rttpg_comment":0,"rttpg_category":"<a href=\"https:\/\/www.umc.br\/noticias\/category\/noticias-umc\/\" rel=\"category tag\">Not\u00edcias UMC<\/a>","rttpg_excerpt":"Devido ao sucesso dos minicursos gratuitos por EAD oferecidos pela UMC, com mais de 5.500 inscritos e tendo em vista a manuten\u00e7\u00e3o do per\u00edodo de quarentena, a UMC est\u00e1 prorrogando as inscri\u00e7\u00f5es, para o p\u00fablico acad\u00eamico e externo, at\u00e9 o dia 15 de junho. Os minicursos da UMC s\u00e3o r\u00e1pidos, totalmente online e destinados a&hellip;","_links":{"self":[{"href":"https:\/\/www.umc.br\/noticias\/wp-json\/wp\/v2\/posts\/3438","targetHints":{"allow":["GET"]}}],"collection":[{"href":"https:\/\/www.umc.br\/noticias\/wp-json\/wp\/v2\/posts"}],"about":[{"href":"https:\/\/www.umc.br\/noticias\/wp-json\/wp\/v2\/types\/post"}],"author":[{"embeddable":true,"href":"https:\/\/www.umc.br\/noticias\/wp-json\/wp\/v2\/users\/990015"}],"replies":[{"embeddable":true,"href":"https:\/\/www.umc.br\/noticias\/wp-json\/wp\/v2\/comments?post=3438"}],"version-history":[{"count":4,"href":"https:\/\/www.umc.br\/noticias\/wp-json\/wp\/v2\/posts\/3438\/revisions"}],"predecessor-version":[{"id":3443,"href":"https:\/\/www.umc.br\/noticias\/wp-json\/wp\/v2\/posts\/3438\/revisions\/3443"}],"wp:featuredmedia":[{"embeddable":true,"href":"https:\/\/www.umc.br\/noticias\/wp-json\/wp\/v2\/media\/3439"}],"wp:attachment":[{"href":"https:\/\/www.umc.br\/noticias\/wp-json\/wp\/v2\/media?parent=3438"}],"wp:term":[{"taxonomy":"category","embeddable":true,"href":"https:\/\/www.umc.br\/noticias\/wp-json\/wp\/v2\/categories?post=3438"},{"taxonomy":"post_tag","embeddable":true,"href":"https:\/\/www.umc.br\/noticias\/wp-json\/wp\/v2\/tags?post=3438"}],"curies":[{"name":"wp","href":"https:\/\/api.w.org\/{rel}","templated":true}]}}