{"id":3426,"date":"2020-06-04T20:08:16","date_gmt":"2020-06-04T20:08:16","guid":{"rendered":"https:\/\/www2.umc.br\/noticias\/?p=3426"},"modified":"2021-12-22T20:13:01","modified_gmt":"2021-12-22T20:13:01","slug":"umc-participara-de-live-especial-em-comemoracao-a-semana-do-meio-ambiente","status":"publish","type":"post","link":"https:\/\/www.umc.br\/noticias\/umc-participara-de-live-especial-em-comemoracao-a-semana-do-meio-ambiente\/","title":{"rendered":"UMC participar\u00e1 de live especial em comemora\u00e7\u00e3o \u00e0 Semana do Meio Ambiente"},"content":{"rendered":"\t\t<div data-elementor-type=\"wp-post\" data-elementor-id=\"3426\" class=\"elementor elementor-3426\" data-elementor-settings=\"{&quot;ha_cmc_init_switcher&quot;:&quot;no&quot;}\" data-elementor-post-type=\"post\">\n\t\t\t\t\t\t<section data-particle_enable=\"false\" data-particle-mobile-disabled=\"false\" class=\"elementor-section elementor-top-section elementor-element elementor-element-9949c24 elementor-section-boxed elementor-section-height-default elementor-section-height-default\" data-id=\"9949c24\" data-element_type=\"section\" data-e-type=\"section\" data-settings=\"{&quot;_ha_eqh_enable&quot;:false,&quot;ekit_has_onepagescroll_dot&quot;:&quot;yes&quot;}\">\n\t\t\t\t\t\t<div class=\"elementor-container elementor-column-gap-default\">\n\t\t\t\t\t<div class=\"elementor-column elementor-col-100 elementor-top-column elementor-element elementor-element-f35401e\" data-id=\"f35401e\" data-element_type=\"column\" data-e-type=\"column\">\n\t\t\t<div class=\"elementor-widget-wrap elementor-element-populated\">\n\t\t\t\t\t\t<div class=\"elementor-element elementor-element-10f7d4f elementor-widget elementor-widget-text-editor\" data-id=\"10f7d4f\" data-element_type=\"widget\" data-e-type=\"widget\" data-settings=\"{&quot;ekit_we_effect_on&quot;:&quot;none&quot;}\" data-widget_type=\"text-editor.default\">\n\t\t\t\t<div class=\"elementor-widget-container\">\n\t\t\t\t\t\t\t\t\t<p style=\"text-align: justify;\">Nesta sexta, 5 de Junho, \u00e0s 15h, como parte das comemora\u00e7\u00f5es do Dia Mundial do Meio Ambiente, a prefeitura de Mogi das Cruzes, por meio da Secretaria do Verde e Meio Ambiente, far\u00e1 uma Live com a participa\u00e7\u00e3o dos professores Dr. Ricardo Sartorello e Dra. Maria Santina de Castro Morini, ambos dos cursos de gradua\u00e7\u00e3o em Ci\u00eancias Biol\u00f3gicas e p\u00f3s-gradua\u00e7\u00e3o em Pol\u00edticas P\u00fablicas da UMC.<\/p><p style=\"text-align: justify;\">Tamb\u00e9m far\u00e3o parte da apresenta\u00e7\u00e3o, os alunos de Inicia\u00e7\u00e3o Cient\u00edfica que desenvolvem trabalhos de pesquisa nos laborat\u00f3rios do N\u00facleo de Ci\u00eancias Ambientais. Na ocasi\u00e3o, ser\u00e1 exibido o Plano Municipal de Conserva\u00e7\u00e3o e Restaura\u00e7\u00e3o da Mata Atl\u00e2ntica de Mogi das Cruzes, com informa\u00e7\u00f5es e diretrizes sobre a arboriza\u00e7\u00e3o da cidade, a conserva\u00e7\u00e3o e restaura\u00e7\u00e3o de fragmentos florestais nas \u00e1reas rurais e o Corredor biol\u00f3gico que liga a Serra do Itapeti a Serra do Mar.<\/p><p style=\"text-align: justify;\">A participa\u00e7\u00e3o de alunos e professores dos cursos de Biologia e p\u00f3s-gradua\u00e7\u00e3o em Pol\u00edticas P\u00fablicas foi fundamental para a elabora\u00e7\u00e3o do Plano Municipal da Mata Atl\u00e2ntica para o munic\u00edpio de Mogi das Cruzes, incluindo propostas de gest\u00e3o sustent\u00e1vel das \u00e1reas de vegeta\u00e7\u00e3o nativa que s\u00e3o importantes para a manuten\u00e7\u00e3o dos servi\u00e7os ecossist\u00eamicos (p.e., \u00e1gua, qualidade dos solos) da Regi\u00e3o do Alto Tiet\u00ea.<\/p><p style=\"text-align: justify;\"><a href=\"https:\/\/www.umc.br\/arquivo\/tabela_programacao_junho_verde_2020_3.pdf\"><strong>Clique aqui<\/strong><\/a> e acompanhe a programa\u00e7\u00e3o completa da Semana do Meio Ambiente.<\/p>\t\t\t\t\t\t\t\t<\/div>\n\t\t\t\t<\/div>\n\t\t\t\t\t<\/div>\n\t\t<\/div>\n\t\t\t\t\t<\/div>\n\t\t<\/section>\n\t\t\t\t<\/div>\n\t\t","protected":false},"excerpt":{"rendered":"<p>Nesta sexta, 5 de Junho, \u00e0s 15h, como parte das comemora\u00e7\u00f5es do Dia Mundial do Meio Ambiente, a prefeitura de Mogi das Cruzes, por meio da Secretaria do Verde e Meio Ambiente, far\u00e1 uma Live com a participa\u00e7\u00e3o dos professores Dr. Ricardo Sartorello e Dra. Maria Santina de Castro Morini, ambos dos cursos de gradua\u00e7\u00e3o [&hellip;]<\/p>\n","protected":false},"author":990015,"featured_media":3427,"comment_status":"closed","ping_status":"closed","sticky":false,"template":"","format":"standard","meta":{"_eb_attr":"","footnotes":""},"categories":[1],"tags":[],"class_list":["post-3426","post","type-post","status-publish","format-standard","has-post-thumbnail","hentry","category-noticias-umc"],"blocksy_meta":{"styles_descriptor":{"styles":{"desktop":"","tablet":"","mobile":""},"google_fonts":[],"version":6}},"rttpg_featured_image_url":{"full":["https:\/\/www.umc.br\/noticias\/wp-content\/uploads\/2021\/12\/6bf1a7c07ec103c07e50f039099d6652.jpg",200,150,false],"landscape":["https:\/\/www.umc.br\/noticias\/wp-content\/uploads\/2021\/12\/6bf1a7c07ec103c07e50f039099d6652.jpg",200,150,false],"portraits":["https:\/\/www.umc.br\/noticias\/wp-content\/uploads\/2021\/12\/6bf1a7c07ec103c07e50f039099d6652.jpg",200,150,false],"thumbnail":["https:\/\/www.umc.br\/noticias\/wp-content\/uploads\/2021\/12\/6bf1a7c07ec103c07e50f039099d6652-150x150.jpg",150,150,true],"medium":["https:\/\/www.umc.br\/noticias\/wp-content\/uploads\/2021\/12\/6bf1a7c07ec103c07e50f039099d6652.jpg",200,150,false],"large":["https:\/\/www.umc.br\/noticias\/wp-content\/uploads\/2021\/12\/6bf1a7c07ec103c07e50f039099d6652.jpg",200,150,false],"1536x1536":["https:\/\/www.umc.br\/noticias\/wp-content\/uploads\/2021\/12\/6bf1a7c07ec103c07e50f039099d6652.jpg",200,150,false],"2048x2048":["https:\/\/www.umc.br\/noticias\/wp-content\/uploads\/2021\/12\/6bf1a7c07ec103c07e50f039099d6652.jpg",200,150,false],"tp-image-grid":["https:\/\/www.umc.br\/noticias\/wp-content\/uploads\/2021\/12\/6bf1a7c07ec103c07e50f039099d6652.jpg",200,150,false],"bdfe-large-thumb":["https:\/\/www.umc.br\/noticias\/wp-content\/uploads\/2021\/12\/6bf1a7c07ec103c07e50f039099d6652.jpg",200,150,false],"bdfe-hero-slider-thumb":["https:\/\/www.umc.br\/noticias\/wp-content\/uploads\/2021\/12\/6bf1a7c07ec103c07e50f039099d6652.jpg",200,150,false]},"rttpg_author":{"display_name":"Renato Nascimento","author_link":"https:\/\/www.umc.br\/noticias\/author\/renato\/"},"rttpg_comment":0,"rttpg_category":"<a href=\"https:\/\/www.umc.br\/noticias\/category\/noticias-umc\/\" rel=\"category tag\">Not\u00edcias UMC<\/a>","rttpg_excerpt":"Nesta sexta, 5 de Junho, \u00e0s 15h, como parte das comemora\u00e7\u00f5es do Dia Mundial do Meio Ambiente, a prefeitura de Mogi das Cruzes, por meio da Secretaria do Verde e Meio Ambiente, far\u00e1 uma Live com a participa\u00e7\u00e3o dos professores Dr. Ricardo Sartorello e Dra. Maria Santina de Castro Morini, ambos dos cursos de gradua\u00e7\u00e3o&hellip;","_links":{"self":[{"href":"https:\/\/www.umc.br\/noticias\/wp-json\/wp\/v2\/posts\/3426","targetHints":{"allow":["GET"]}}],"collection":[{"href":"https:\/\/www.umc.br\/noticias\/wp-json\/wp\/v2\/posts"}],"about":[{"href":"https:\/\/www.umc.br\/noticias\/wp-json\/wp\/v2\/types\/post"}],"author":[{"embeddable":true,"href":"https:\/\/www.umc.br\/noticias\/wp-json\/wp\/v2\/users\/990015"}],"replies":[{"embeddable":true,"href":"https:\/\/www.umc.br\/noticias\/wp-json\/wp\/v2\/comments?post=3426"}],"version-history":[{"count":4,"href":"https:\/\/www.umc.br\/noticias\/wp-json\/wp\/v2\/posts\/3426\/revisions"}],"predecessor-version":[{"id":3431,"href":"https:\/\/www.umc.br\/noticias\/wp-json\/wp\/v2\/posts\/3426\/revisions\/3431"}],"wp:featuredmedia":[{"embeddable":true,"href":"https:\/\/www.umc.br\/noticias\/wp-json\/wp\/v2\/media\/3427"}],"wp:attachment":[{"href":"https:\/\/www.umc.br\/noticias\/wp-json\/wp\/v2\/media?parent=3426"}],"wp:term":[{"taxonomy":"category","embeddable":true,"href":"https:\/\/www.umc.br\/noticias\/wp-json\/wp\/v2\/categories?post=3426"},{"taxonomy":"post_tag","embeddable":true,"href":"https:\/\/www.umc.br\/noticias\/wp-json\/wp\/v2\/tags?post=3426"}],"curies":[{"name":"wp","href":"https:\/\/api.w.org\/{rel}","templated":true}]}}