{"id":3357,"date":"2020-07-28T15:45:14","date_gmt":"2020-07-28T15:45:14","guid":{"rendered":"https:\/\/www2.umc.br\/noticias\/?p=3357"},"modified":"2021-12-22T15:47:04","modified_gmt":"2021-12-22T15:47:04","slug":"hotsite-umc-sobre-covid-19-busca-informar-e-orientar-alunos-e-professores","status":"publish","type":"post","link":"https:\/\/www.umc.br\/noticias\/hotsite-umc-sobre-covid-19-busca-informar-e-orientar-alunos-e-professores\/","title":{"rendered":"Hotsite UMC sobre Covid-19 busca informar e orientar alunos e professores"},"content":{"rendered":"\t\t<div data-elementor-type=\"wp-post\" data-elementor-id=\"3357\" class=\"elementor elementor-3357\" data-elementor-settings=\"{&quot;ha_cmc_init_switcher&quot;:&quot;no&quot;}\" data-elementor-post-type=\"post\">\n\t\t\t\t\t\t<section data-particle_enable=\"false\" data-particle-mobile-disabled=\"false\" class=\"elementor-section elementor-top-section elementor-element elementor-element-987c986 elementor-section-boxed elementor-section-height-default elementor-section-height-default\" data-id=\"987c986\" data-element_type=\"section\" data-e-type=\"section\" data-settings=\"{&quot;_ha_eqh_enable&quot;:false,&quot;ekit_has_onepagescroll_dot&quot;:&quot;yes&quot;}\">\n\t\t\t\t\t\t<div class=\"elementor-container elementor-column-gap-default\">\n\t\t\t\t\t<div class=\"elementor-column elementor-col-100 elementor-top-column elementor-element elementor-element-99148ac\" data-id=\"99148ac\" data-element_type=\"column\" data-e-type=\"column\">\n\t\t\t<div class=\"elementor-widget-wrap elementor-element-populated\">\n\t\t\t\t\t\t<div class=\"elementor-element elementor-element-ff84e5f elementor-widget elementor-widget-text-editor\" data-id=\"ff84e5f\" data-element_type=\"widget\" data-e-type=\"widget\" data-settings=\"{&quot;ekit_we_effect_on&quot;:&quot;none&quot;}\" data-widget_type=\"text-editor.default\">\n\t\t\t\t<div class=\"elementor-widget-container\">\n\t\t\t\t\t\t\t\t\t<p style=\"text-align: justify;\">Recentemente, a Universidade de Mogi das Cruzes lan\u00e7ou o hotsite \u201cCovid-19: Fique por Dentro\u201d, que visa manter a comunidade acad\u00eamica informada sobre as a\u00e7\u00f5es preventivas e orienta\u00e7\u00f5es oficiais da Universidade quanto aos procedimentos acad\u00eamicos e retornos presenciais p\u00f3s-Covid.<\/p><p style=\"text-align: justify;\">\u00c9 importante lembrarmos que desde os primeiros impactos causados pela pandemia, a UMC seguiu \u00e0 risca todas as recomenda\u00e7\u00f5es dos \u00f3rg\u00e3os oficiais de sa\u00fade e do poder p\u00fablico, que regulam a nossa atua\u00e7\u00e3o. Com base no Decreto Estadual n.\u00ba 65.061, de 13 de julho de 2020, estamos programando nosso retorno apenas para reposi\u00e7\u00e3o das aulas pr\u00e1ticas e dos est\u00e1gios dentro dos Campi e Unidades da UMC.<\/p><p style=\"text-align: justify;\">No hotsite os interessados encontram orienta\u00e7\u00f5es sobre a preven\u00e7\u00e3o da doen\u00e7a, a legisla\u00e7\u00e3o, curso online para colaboradores, rela\u00e7\u00e3o dos cursos e turmas com retorno previsto, al\u00e9m dos protocolos internos de biosseguran\u00e7a, comunicados e acesso aos Campi. No espa\u00e7o tamb\u00e9m foram divulgados os formul\u00e1rios de impedimento ao retorno das atividades pr\u00e1ticas e est\u00e1gios, para grupos de risco.<\/p><p style=\"text-align: justify;\">Vale ressaltar que o Plano Institucional de Preven\u00e7\u00e3o e Redu\u00e7\u00e3o de Riscos, elaborado dentro dos protocolos oficiais da UMC, seguir\u00e1 sendo atualizado \u00e0 medida que novas diretrizes forem informadas, juntamente com outros documentos espec\u00edficos.<\/p><p style=\"text-align: justify;\">No decorrer dos dias, a Universidade seguir\u00e1 atualizando constantemente esse hotsite espec\u00edfico e acompanhando a manuten\u00e7\u00e3o das cidades em que atua, na fase amarela. Para saber mais acesse: <a href=\"https:\/\/www.umc.br\/coronavirus\/\">www.umc.br\/coronavirus\/<\/a><\/p>\t\t\t\t\t\t\t\t<\/div>\n\t\t\t\t<\/div>\n\t\t\t\t\t<\/div>\n\t\t<\/div>\n\t\t\t\t\t<\/div>\n\t\t<\/section>\n\t\t\t\t<\/div>\n\t\t","protected":false},"excerpt":{"rendered":"<p>Recentemente, a Universidade de Mogi das Cruzes lan\u00e7ou o hotsite \u201cCovid-19: Fique por Dentro\u201d, que visa manter a comunidade acad\u00eamica informada sobre as a\u00e7\u00f5es preventivas e orienta\u00e7\u00f5es oficiais da Universidade quanto aos procedimentos acad\u00eamicos e retornos presenciais p\u00f3s-Covid. \u00c9 importante lembrarmos que desde os primeiros impactos causados pela pandemia, a UMC seguiu \u00e0 risca todas [&hellip;]<\/p>\n","protected":false},"author":990015,"featured_media":3358,"comment_status":"closed","ping_status":"closed","sticky":false,"template":"","format":"standard","meta":{"_eb_attr":"","footnotes":""},"categories":[1],"tags":[],"class_list":["post-3357","post","type-post","status-publish","format-standard","has-post-thumbnail","hentry","category-noticias-umc"],"blocksy_meta":{"styles_descriptor":{"styles":{"desktop":"","tablet":"","mobile":""},"google_fonts":[],"version":6}},"rttpg_featured_image_url":{"full":["https:\/\/www.umc.br\/noticias\/wp-content\/uploads\/2021\/12\/ed26784bdd8a539cf429f297bd822bd5.png",200,150,false],"landscape":["https:\/\/www.umc.br\/noticias\/wp-content\/uploads\/2021\/12\/ed26784bdd8a539cf429f297bd822bd5.png",200,150,false],"portraits":["https:\/\/www.umc.br\/noticias\/wp-content\/uploads\/2021\/12\/ed26784bdd8a539cf429f297bd822bd5.png",200,150,false],"thumbnail":["https:\/\/www.umc.br\/noticias\/wp-content\/uploads\/2021\/12\/ed26784bdd8a539cf429f297bd822bd5-150x150.png",150,150,true],"medium":["https:\/\/www.umc.br\/noticias\/wp-content\/uploads\/2021\/12\/ed26784bdd8a539cf429f297bd822bd5.png",200,150,false],"large":["https:\/\/www.umc.br\/noticias\/wp-content\/uploads\/2021\/12\/ed26784bdd8a539cf429f297bd822bd5.png",200,150,false],"1536x1536":["https:\/\/www.umc.br\/noticias\/wp-content\/uploads\/2021\/12\/ed26784bdd8a539cf429f297bd822bd5.png",200,150,false],"2048x2048":["https:\/\/www.umc.br\/noticias\/wp-content\/uploads\/2021\/12\/ed26784bdd8a539cf429f297bd822bd5.png",200,150,false],"tp-image-grid":["https:\/\/www.umc.br\/noticias\/wp-content\/uploads\/2021\/12\/ed26784bdd8a539cf429f297bd822bd5.png",200,150,false],"bdfe-large-thumb":["https:\/\/www.umc.br\/noticias\/wp-content\/uploads\/2021\/12\/ed26784bdd8a539cf429f297bd822bd5.png",200,150,false],"bdfe-hero-slider-thumb":["https:\/\/www.umc.br\/noticias\/wp-content\/uploads\/2021\/12\/ed26784bdd8a539cf429f297bd822bd5.png",200,150,false]},"rttpg_author":{"display_name":"Renato Nascimento","author_link":"https:\/\/www.umc.br\/noticias\/author\/renato\/"},"rttpg_comment":0,"rttpg_category":"<a href=\"https:\/\/www.umc.br\/noticias\/category\/noticias-umc\/\" rel=\"category tag\">Not\u00edcias UMC<\/a>","rttpg_excerpt":"Recentemente, a Universidade de Mogi das Cruzes lan\u00e7ou o hotsite \u201cCovid-19: Fique por Dentro\u201d, que visa manter a comunidade acad\u00eamica informada sobre as a\u00e7\u00f5es preventivas e orienta\u00e7\u00f5es oficiais da Universidade quanto aos procedimentos acad\u00eamicos e retornos presenciais p\u00f3s-Covid. \u00c9 importante lembrarmos que desde os primeiros impactos causados pela pandemia, a UMC seguiu \u00e0 risca todas&hellip;","_links":{"self":[{"href":"https:\/\/www.umc.br\/noticias\/wp-json\/wp\/v2\/posts\/3357","targetHints":{"allow":["GET"]}}],"collection":[{"href":"https:\/\/www.umc.br\/noticias\/wp-json\/wp\/v2\/posts"}],"about":[{"href":"https:\/\/www.umc.br\/noticias\/wp-json\/wp\/v2\/types\/post"}],"author":[{"embeddable":true,"href":"https:\/\/www.umc.br\/noticias\/wp-json\/wp\/v2\/users\/990015"}],"replies":[{"embeddable":true,"href":"https:\/\/www.umc.br\/noticias\/wp-json\/wp\/v2\/comments?post=3357"}],"version-history":[{"count":4,"href":"https:\/\/www.umc.br\/noticias\/wp-json\/wp\/v2\/posts\/3357\/revisions"}],"predecessor-version":[{"id":3362,"href":"https:\/\/www.umc.br\/noticias\/wp-json\/wp\/v2\/posts\/3357\/revisions\/3362"}],"wp:featuredmedia":[{"embeddable":true,"href":"https:\/\/www.umc.br\/noticias\/wp-json\/wp\/v2\/media\/3358"}],"wp:attachment":[{"href":"https:\/\/www.umc.br\/noticias\/wp-json\/wp\/v2\/media?parent=3357"}],"wp:term":[{"taxonomy":"category","embeddable":true,"href":"https:\/\/www.umc.br\/noticias\/wp-json\/wp\/v2\/categories?post=3357"},{"taxonomy":"post_tag","embeddable":true,"href":"https:\/\/www.umc.br\/noticias\/wp-json\/wp\/v2\/tags?post=3357"}],"curies":[{"name":"wp","href":"https:\/\/api.w.org\/{rel}","templated":true}]}}