{"id":3319,"date":"2020-09-21T03:24:42","date_gmt":"2020-09-21T03:24:42","guid":{"rendered":"https:\/\/www2.umc.br\/noticias\/?p=3319"},"modified":"2021-12-22T03:27:25","modified_gmt":"2021-12-22T03:27:25","slug":"umc-inicia-projeto-de-educacao-ambiental-em-parceria-com-a-prefeitura-de-mogi-das-cruzes","status":"publish","type":"post","link":"https:\/\/www.umc.br\/noticias\/umc-inicia-projeto-de-educacao-ambiental-em-parceria-com-a-prefeitura-de-mogi-das-cruzes\/","title":{"rendered":"UMC inicia projeto de Educa\u00e7\u00e3o Ambiental em parceria com a Prefeitura de Mogi das Cruzes"},"content":{"rendered":"\t\t<div data-elementor-type=\"wp-post\" data-elementor-id=\"3319\" class=\"elementor elementor-3319\" data-elementor-settings=\"{&quot;ha_cmc_init_switcher&quot;:&quot;no&quot;}\" data-elementor-post-type=\"post\">\n\t\t\t\t\t\t<section data-particle_enable=\"false\" data-particle-mobile-disabled=\"false\" class=\"elementor-section elementor-top-section elementor-element elementor-element-e4507ec elementor-section-boxed elementor-section-height-default elementor-section-height-default\" data-id=\"e4507ec\" data-element_type=\"section\" data-e-type=\"section\" data-settings=\"{&quot;_ha_eqh_enable&quot;:false,&quot;ekit_has_onepagescroll_dot&quot;:&quot;yes&quot;}\">\n\t\t\t\t\t\t<div class=\"elementor-container elementor-column-gap-default\">\n\t\t\t\t\t<div class=\"elementor-column elementor-col-100 elementor-top-column elementor-element elementor-element-2edb1d1\" data-id=\"2edb1d1\" data-element_type=\"column\" data-e-type=\"column\">\n\t\t\t<div class=\"elementor-widget-wrap elementor-element-populated\">\n\t\t\t\t\t\t<div class=\"elementor-element elementor-element-cb5cb80 elementor-widget elementor-widget-text-editor\" data-id=\"cb5cb80\" data-element_type=\"widget\" data-e-type=\"widget\" data-settings=\"{&quot;ekit_we_effect_on&quot;:&quot;none&quot;}\" data-widget_type=\"text-editor.default\">\n\t\t\t\t<div class=\"elementor-widget-container\">\n\t\t\t\t\t\t\t\t\t<p style=\"text-align: justify;\">A Universidade de Mogi das Cruzes (UMC), por meio de uma parceria com a Secretaria do Verde e Meio Ambiente (SVMA) e a contribui\u00e7\u00e3o da empresa Neon Qu\u00edmica, iniciou, no \u00faltimo m\u00eas, o Projeto de Compostagem, que visa reduzir os impactos ambientais gerados pelo descarte incorreto de lixo org\u00e2nico no munic\u00edpio mogiano. A proposta de educa\u00e7\u00e3o ambiental \u00e9 executada por universit\u00e1rios do curso de Qu\u00edmica e comtempla os espa\u00e7os do Parque Municipal Leon Feffer.<\/p><p style=\"text-align: justify;\">Os res\u00edduos org\u00e2nicos representam metade dos res\u00edduos s\u00f3lidos urbanos gerados no Brasil, de acordo com dados do Minist\u00e9rio do Meio Ambiente. Se mal geridos, os lixos org\u00e2nicos podem representar um passivo ambiental aos munic\u00edpios.<\/p><p style=\"text-align: justify;\">A compostagem, no entanto, traz \u00f3timas solu\u00e7\u00f5es para o destino de res\u00edduos org\u00e2nicos, al\u00e9m de ser importante para a pr\u00e1tica da educa\u00e7\u00e3o ambiental. Portanto, para contribuir com a redu\u00e7\u00e3o do lixo org\u00e2nico produzido na cidade mogiana e como forma de sustentabilidade, a UMC e seus estudantes do curso de Qu\u00edmica, em parceria com a SVMA, iniciaram um Projeto de Compostagem que se baseia-se na confec\u00e7\u00e3o de composteiras com a utiliza\u00e7\u00e3o de minhocas.<\/p><p style=\"text-align: justify;\">A confec\u00e7\u00e3o destas composteiras foi feita com tr\u00eas baldes reutiliz\u00e1veis e com capacidade de 20 litros cada um, sob orienta\u00e7\u00e3o do professor Fabiano de Souza Palgrossi. Esta \u00e9 uma t\u00e9cnica que pode ser aplicada em resid\u00eancias, escolas, empresas, \u00e1reas comuns de pr\u00e9dios, locais p\u00fablicos, entre outros espa\u00e7os. \u201cAs minhocas t\u00eam por fun\u00e7\u00e3o acelerar os processos de reciclagem dos res\u00edduos org\u00e2nicos e, consequentemente, a mat\u00e9ria org\u00e2nica se transforma em h\u00famus. O h\u00famus \u00e9 um adubo org\u00e2nico rico em nutrientes essenciais ao solo. Al\u00e9m do h\u00famus produzido, \u00e9 poss\u00edvel coletar o chorume gerado no processo, que \u00e9 o l\u00edquido poluente formado pelo ac\u00famulo de dejetos. O chorume, quando dilu\u00eddo em \u00e1gua, age como um biofertilizante\u201d, explicou o professor.<\/p><p style=\"text-align: justify;\">A proposta ainda teve a contribui\u00e7\u00e3o da empresa Neon Qu\u00edmica, de Suzano. A f\u00e1brica de reagentes anal\u00edticos e mat\u00e9rias primas, fez a doa\u00e7\u00e3o de um reativo importante para que a equipe pudesse fazer a an\u00e1lise dos biofertilizantes que est\u00e3o sendo produzidos nas composteiras.<\/p><p style=\"text-align: justify;\">A instala\u00e7\u00e3o das composteiras ocorreram no Parque Municipal Leon Feffer. Periodicamente, os estudantes de qu\u00edmica far\u00e3o a manuten\u00e7\u00e3o e o recolhimento do chorume produzido. Em seguida, o l\u00edquido poluente ser\u00e1 analisado pelos universit\u00e1rios nos laborat\u00f3rios da UMC. O espa\u00e7o foi escolhido para a instala\u00e7\u00e3o das composteiras, porque apresenta uma excelente estrutura f\u00edsica para o desenvolvimento deste projeto. Ap\u00f3s a caracteriza\u00e7\u00e3o do chorume produzido, a equipe vai aplic\u00e1-lo na vegeta\u00e7\u00e3o local do parque e envolver os alunos do curso de Ci\u00eancias Biol\u00f3gicas para acompanhar e analisar o desenvolvimento da vegeta\u00e7\u00e3o as quais receberam o biofertilizante produzido no processo de compostagem.<\/p><p style=\"text-align: justify;\">A professora Tatiane Faustino, coordenadora dos cursos de Qu\u00edmica e Ci\u00eancias Biol\u00f3gicas da UMC, comenta que, \u201ccom este projeto, conseguiremos conscientizar os nossos alunos sobre a import\u00e2ncia do reaproveitamento dos res\u00edduos org\u00e2nicos e da preserva\u00e7\u00e3o ambiental, desenvolvendo neles a capacidade cr\u00edtica e o senso de responsabilidade, formando cidad\u00e3os conscientes e motivados para a\u00e7\u00f5es sustent\u00e1veis, o que corrobora com a miss\u00e3o da nossa Universidade\u201d. Ela ainda detalhou as a\u00e7\u00f5es dos alunos: \u201cDiversas habilidades acad\u00eamicas e sociais est\u00e3o envolvidas neste projeto. Podemos citar alguns como: produ\u00e7\u00e3o de compostos org\u00e2nicos de qualidade para fertilizar o solo, melhorando a qualidade da vegeta\u00e7\u00e3o e evitando a utiliza\u00e7\u00e3o de adubos sint\u00e9ticos; contribui\u00e7\u00e3o para a forma\u00e7\u00e3o de consci\u00eancias, a\u00e7\u00f5es, atitudes e capacidades que estimulem os nossos alunos a desenvolver atividades sustent\u00e1veis; melhorar a qualidade de vida do munic\u00edpio, destinando corretamente os lixos org\u00e2nicos e evitando problemas decorrentes da m\u00e1 gest\u00e3o destes res\u00edduos\u201d.<\/p><p style=\"text-align: justify;\">Para o Diretor da Secretaria do Verde e Meio Ambiente, Andr\u00e9 Miragaia, a parceria possibilitou mais qualidade no trabalho de educa\u00e7\u00e3o ambiental desenvolvido. \u201cOs estagi\u00e1rios da UMC est\u00e3o atuando ao lado dos t\u00e9cnicos da pasta para a cria\u00e7\u00e3o de composteiras e minhoc\u00e1rios. Este projeto \u00e9 mais uma iniciativa do Circuito Escola de Educa\u00e7\u00e3o Ambiental dentro do viveiro\u201d, comentou.<\/p><p style=\"text-align: justify;\">Segundo o Engenheiro Agr\u00f4nomo da Secretaria do Verde e Meio Ambiente, Wilson de Souza Neto, \u201cos materiais org\u00e2nicos oriundos dos servi\u00e7os de poda das \u00e1rvores e manuten\u00e7\u00f5es dos jardins, assim como os res\u00edduos vegetais das feiras livres organizadas pela Secretaria da Agricultura no Mercado do Produtor, s\u00e3o a base de alimentos para a produ\u00e7\u00e3o desses compostos\u201d.<\/p><p style=\"text-align: justify;\">O Secret\u00e1rio do Verde e Meio Ambiente, Daniel de Lima, ressaltou a import\u00e2ncia do trabalho dos estudantes de Qu\u00edmica e de Biologia: \u201c\u00e9 uma parceria que gera excelentes resultados desde 2017, quando foi iniciado\u201d.<\/p>\t\t\t\t\t\t\t\t<\/div>\n\t\t\t\t<\/div>\n\t\t\t\t\t<\/div>\n\t\t<\/div>\n\t\t\t\t\t<\/div>\n\t\t<\/section>\n\t\t\t\t<\/div>\n\t\t","protected":false},"excerpt":{"rendered":"<p>A Universidade de Mogi das Cruzes (UMC), por meio de uma parceria com a Secretaria do Verde e Meio Ambiente (SVMA) e a contribui\u00e7\u00e3o da empresa Neon Qu\u00edmica, iniciou, no \u00faltimo m\u00eas, o Projeto de Compostagem, que visa reduzir os impactos ambientais gerados pelo descarte incorreto de lixo org\u00e2nico no munic\u00edpio mogiano. A proposta de [&hellip;]<\/p>\n","protected":false},"author":990015,"featured_media":3320,"comment_status":"closed","ping_status":"closed","sticky":false,"template":"","format":"standard","meta":{"_eb_attr":"","footnotes":""},"categories":[1],"tags":[],"class_list":["post-3319","post","type-post","status-publish","format-standard","has-post-thumbnail","hentry","category-noticias-umc"],"blocksy_meta":{"styles_descriptor":{"styles":{"desktop":"","tablet":"","mobile":""},"google_fonts":[],"version":6}},"rttpg_featured_image_url":{"full":["https:\/\/www.umc.br\/noticias\/wp-content\/uploads\/2021\/12\/8384b264673a26f29ed63e36e0c60e2a.png",200,150,false],"landscape":["https:\/\/www.umc.br\/noticias\/wp-content\/uploads\/2021\/12\/8384b264673a26f29ed63e36e0c60e2a.png",200,150,false],"portraits":["https:\/\/www.umc.br\/noticias\/wp-content\/uploads\/2021\/12\/8384b264673a26f29ed63e36e0c60e2a.png",200,150,false],"thumbnail":["https:\/\/www.umc.br\/noticias\/wp-content\/uploads\/2021\/12\/8384b264673a26f29ed63e36e0c60e2a-150x150.png",150,150,true],"medium":["https:\/\/www.umc.br\/noticias\/wp-content\/uploads\/2021\/12\/8384b264673a26f29ed63e36e0c60e2a.png",200,150,false],"large":["https:\/\/www.umc.br\/noticias\/wp-content\/uploads\/2021\/12\/8384b264673a26f29ed63e36e0c60e2a.png",200,150,false],"1536x1536":["https:\/\/www.umc.br\/noticias\/wp-content\/uploads\/2021\/12\/8384b264673a26f29ed63e36e0c60e2a.png",200,150,false],"2048x2048":["https:\/\/www.umc.br\/noticias\/wp-content\/uploads\/2021\/12\/8384b264673a26f29ed63e36e0c60e2a.png",200,150,false],"tp-image-grid":["https:\/\/www.umc.br\/noticias\/wp-content\/uploads\/2021\/12\/8384b264673a26f29ed63e36e0c60e2a.png",200,150,false],"bdfe-large-thumb":["https:\/\/www.umc.br\/noticias\/wp-content\/uploads\/2021\/12\/8384b264673a26f29ed63e36e0c60e2a.png",200,150,false],"bdfe-hero-slider-thumb":["https:\/\/www.umc.br\/noticias\/wp-content\/uploads\/2021\/12\/8384b264673a26f29ed63e36e0c60e2a.png",200,150,false]},"rttpg_author":{"display_name":"Renato Nascimento","author_link":"https:\/\/www.umc.br\/noticias\/author\/renato\/"},"rttpg_comment":0,"rttpg_category":"<a href=\"https:\/\/www.umc.br\/noticias\/category\/noticias-umc\/\" rel=\"category tag\">Not\u00edcias UMC<\/a>","rttpg_excerpt":"A Universidade de Mogi das Cruzes (UMC), por meio de uma parceria com a Secretaria do Verde e Meio Ambiente (SVMA) e a contribui\u00e7\u00e3o da empresa Neon Qu\u00edmica, iniciou, no \u00faltimo m\u00eas, o Projeto de Compostagem, que visa reduzir os impactos ambientais gerados pelo descarte incorreto de lixo org\u00e2nico no munic\u00edpio mogiano. A proposta de&hellip;","_links":{"self":[{"href":"https:\/\/www.umc.br\/noticias\/wp-json\/wp\/v2\/posts\/3319","targetHints":{"allow":["GET"]}}],"collection":[{"href":"https:\/\/www.umc.br\/noticias\/wp-json\/wp\/v2\/posts"}],"about":[{"href":"https:\/\/www.umc.br\/noticias\/wp-json\/wp\/v2\/types\/post"}],"author":[{"embeddable":true,"href":"https:\/\/www.umc.br\/noticias\/wp-json\/wp\/v2\/users\/990015"}],"replies":[{"embeddable":true,"href":"https:\/\/www.umc.br\/noticias\/wp-json\/wp\/v2\/comments?post=3319"}],"version-history":[{"count":7,"href":"https:\/\/www.umc.br\/noticias\/wp-json\/wp\/v2\/posts\/3319\/revisions"}],"predecessor-version":[{"id":3327,"href":"https:\/\/www.umc.br\/noticias\/wp-json\/wp\/v2\/posts\/3319\/revisions\/3327"}],"wp:featuredmedia":[{"embeddable":true,"href":"https:\/\/www.umc.br\/noticias\/wp-json\/wp\/v2\/media\/3320"}],"wp:attachment":[{"href":"https:\/\/www.umc.br\/noticias\/wp-json\/wp\/v2\/media?parent=3319"}],"wp:term":[{"taxonomy":"category","embeddable":true,"href":"https:\/\/www.umc.br\/noticias\/wp-json\/wp\/v2\/categories?post=3319"},{"taxonomy":"post_tag","embeddable":true,"href":"https:\/\/www.umc.br\/noticias\/wp-json\/wp\/v2\/tags?post=3319"}],"curies":[{"name":"wp","href":"https:\/\/api.w.org\/{rel}","templated":true}]}}