{"id":3286,"date":"2020-10-20T20:24:41","date_gmt":"2020-10-20T20:24:41","guid":{"rendered":"https:\/\/www2.umc.br\/noticias\/?p=3286"},"modified":"2021-12-21T20:26:51","modified_gmt":"2021-12-21T20:26:51","slug":"especialista-da-umc-alerta-sobre-riscos-de-osteoporose-e-fala-sobre-medidas-de-prevencao","status":"publish","type":"post","link":"https:\/\/www.umc.br\/noticias\/especialista-da-umc-alerta-sobre-riscos-de-osteoporose-e-fala-sobre-medidas-de-prevencao\/","title":{"rendered":"Especialista da UMC alerta sobre riscos de osteoporose e fala sobre medidas de preven\u00e7\u00e3o"},"content":{"rendered":"\t\t<div data-elementor-type=\"wp-post\" data-elementor-id=\"3286\" class=\"elementor elementor-3286\" data-elementor-settings=\"{&quot;ha_cmc_init_switcher&quot;:&quot;no&quot;}\" data-elementor-post-type=\"post\">\n\t\t\t\t\t\t<section data-particle_enable=\"false\" data-particle-mobile-disabled=\"false\" class=\"elementor-section elementor-top-section elementor-element elementor-element-e52515f elementor-section-boxed elementor-section-height-default elementor-section-height-default\" data-id=\"e52515f\" data-element_type=\"section\" data-e-type=\"section\" data-settings=\"{&quot;_ha_eqh_enable&quot;:false,&quot;ekit_has_onepagescroll_dot&quot;:&quot;yes&quot;}\">\n\t\t\t\t\t\t<div class=\"elementor-container elementor-column-gap-default\">\n\t\t\t\t\t<div class=\"elementor-column elementor-col-100 elementor-top-column elementor-element elementor-element-c06c153\" data-id=\"c06c153\" data-element_type=\"column\" data-e-type=\"column\">\n\t\t\t<div class=\"elementor-widget-wrap elementor-element-populated\">\n\t\t\t\t\t\t<div class=\"elementor-element elementor-element-1dd9ea7 elementor-widget elementor-widget-text-editor\" data-id=\"1dd9ea7\" data-element_type=\"widget\" data-e-type=\"widget\" data-settings=\"{&quot;ekit_we_effect_on&quot;:&quot;none&quot;}\" data-widget_type=\"text-editor.default\">\n\t\t\t\t<div class=\"elementor-widget-container\">\n\t\t\t\t\t\t\t\t\t<p style=\"text-align: justify;\">A osteoporose \u00e9 uma doen\u00e7a ligada ao enfraquecimento dos ossos e, geralmente, est\u00e1 associada ao avan\u00e7o da idade, no entanto, os jovens n\u00e3o est\u00e3o imunes aos riscos. As aus\u00eancias de c\u00e1lcio e outros nutrientes no organismo tamb\u00e9m podem ocasionar a manifesta\u00e7\u00e3o da enfermidade em qualquer pessoa, independentemente da faixa et\u00e1ria. O alerta \u00e9 do m\u00e9dico ortopedista Marcelo Campos Oliveira, professor da Universidade de Mogi das Cruzes (UMC).<\/p><p style=\"text-align: justify;\">A UMC aproveita o Dia Mundial de Preven\u00e7\u00e3o \u00e0 Osteoporose, celebrado nesta ter\u00e7a-feira, 20 de outubro, para destacar a import\u00e2ncia da conscientiza\u00e7\u00e3o sobre as medidas preventivas contra a doen\u00e7a. O docente em ortopedia da institui\u00e7\u00e3o acad\u00eamica \u00e9 quem esclarece as d\u00favidas sobre a doen\u00e7a e as medidas de preven\u00e7\u00e3o.<\/p><p style=\"text-align: justify;\">Oliveira explica que a osteoporose \u00e9 uma doen\u00e7a caracterizada por baixa massa \u00f3ssea e deteriora\u00e7\u00e3o da microarquitetura do tecido \u00f3sseo, o que causa porosidade, enfraquecimento e, consequentemente, facilita os riscos de fraturas por conta do desgaste. \u201cTrata-se de uma doen\u00e7a multifatorial, que tem entre seus fatores de risco e preval\u00eancia aumentada as seguintes condi\u00e7\u00f5es: sexo feminino, idade avan\u00e7ada, defici\u00eancia estrog\u00eanica, ra\u00e7a branca ou asi\u00e1tica, baixo peso e baixo \u00edndice de massa corporal, baixa ingest\u00e3o de c\u00e1lcio na inf\u00e2ncia, sedentarismo, hist\u00f3rico familiar de osteoporose, tabagismo e hist\u00f3ria pr\u00e9via de fratura\u201d, explica o especialista<\/p><p style=\"text-align: justify;\">O m\u00e9dico lembra que a doen\u00e7a pode ser silenciosa e, muitas vezes, o diagn\u00f3stico s\u00f3 \u00e9 feito ap\u00f3s a ocorr\u00eancia de graves fraturas, como no f\u00eamur, por exemplo. Por isso, ele alerta sobre a import\u00e2ncia de consultar um m\u00e9dico ortopedista para diagnosticar a patologia e trat\u00e1-la a tempo de obter as melhores respostas cl\u00ednicas.<\/p><p style=\"text-align: justify;\"><strong>Sintomas<\/strong><\/p><p style=\"text-align: justify;\">O especialista em ortopedia da UMC conta que a ocorr\u00eancia de fraturas est\u00e1 associada aos sintomas mais comuns da osteoporose, \u201cprincipalmente em v\u00e9rtebras e ossos como o f\u00eamur, dores nos ossos e nas articula\u00e7\u00f5es, diminui\u00e7\u00e3o da altura e altera\u00e7\u00e3o na estrutura do ombro, que fica mais curvado para frente\u201d. O diagn\u00f3stico pode ser cl\u00ednico e confirmado por meio de exames laboratoriais.<\/p><p style=\"text-align: justify;\">O tratamento, segundo esclarecimentos do profissional da UMC, pode ser feito com medica\u00e7\u00e3o biol\u00f3gica espec\u00edfica para osteoporose, al\u00e9m de administra\u00e7\u00e3o subcut\u00e2nea (inje\u00e7\u00e3o) com periodicidade de seis meses. O objetivo desse tipo de tratamento \u00e9 atuar na preven\u00e7\u00e3o de fraturas vertebrais e do quadril.<\/p><p style=\"text-align: justify;\"><strong>Fatores de risco e medidas de preven\u00e7\u00e3o<\/strong><\/p><p style=\"text-align: justify;\">Al\u00e9m do d\u00e9ficit de nutrientes no organismo, outro fator de risco para a manifesta\u00e7\u00e3o da osteoporose \u00e9 a fase da p\u00f3s-menopausa. Por isso, a doen\u00e7a pode ser mais comum entre as mulheres, pela correla\u00e7\u00e3o hormonal na manuten\u00e7\u00e3o da massa \u00f3ssea, o que ocorre com o p\u00fablico feminino ap\u00f3s esse per\u00edodo, segundo esclarece o professor Marcelo. \u201cA patologia \u00e9 mais frequente em pacientes do sexo feminino e em idade mais avan\u00e7ada, mas tamb\u00e9m pode ocorrer em homens e jovens, dependendo das altera\u00e7\u00f5es hormonais, al\u00e9m dos h\u00e1bitos de vida individuais\u201d, detalha Oliveira. \u201cMas se sabe que a doen\u00e7a p\u00f3s-menopausa, ou tipo I, est\u00e1 associada \u00e0 insufici\u00eancia hormonal do climat\u00e9rio, que \u00e9 o conjunto de sintomas que surgem antes e depois da menopausa, ou que induzem, precocemente, a diminui\u00e7\u00e3o de estr\u00f3genos. Geralmente, acontece nas duas primeiras d\u00e9cadas ap\u00f3s o in\u00edcio da menopausa, sendo que as primeiras altera\u00e7\u00f5es, na velocidade de perda de massa \u00f3ssea, j\u00e1 se demonstram entre tr\u00eas e cinco anos antes do t\u00e9rmino do per\u00edodo menstrual.\u201d, explica.<\/p><p style=\"text-align: justify;\">Marcelo ainda alerta para a import\u00e2ncia da preven\u00e7\u00e3o da osteoporose no in\u00edcio da vida: \u201cA preven\u00e7\u00e3o come\u00e7a j\u00e1 na inf\u00e2ncia, pois o pico de massa \u00f3ssea se d\u00e1 por volta dos 30 anos. A pr\u00e1tica regular de atividades f\u00edsicas e alimenta\u00e7\u00e3o saud\u00e1vel e balanceada amenizam os riscos da osteoporose se instalar\u201d, revela o especialista da Universidade de Mogi das Cruzes.<\/p><p style=\"text-align: justify;\"><strong>Saiba mais<\/strong><\/p><p style=\"text-align: justify;\">A seguir, segue um resumo detalhado sobre as op\u00e7\u00f5es de tratamento e de preven\u00e7\u00e3o da osteoporose:<\/p><p style=\"text-align: justify;\">C\u00c1LCIO, VITAMINAS E DERIVADOS \u2013 Dieta rica em c\u00e1lcio ou da suplementa\u00e7\u00e3o nos casos de baixa ingest\u00e3o ou d\u00e9ficit de absor\u00e7\u00e3o. A vitamina \u201cD\u201d tem importante papel na Absor\u00e7\u00e3o do C\u00e1lcio ingerido. Esses nutrientes s\u00e3o essenciais para a manuten\u00e7\u00e3o da sa\u00fade em geral e, em particular, para a manuten\u00e7\u00e3o do tecido \u00f3sseo.<\/p><p style=\"text-align: justify;\">EXERC\u00cdCIOS \u2013 H\u00e1bitos saud\u00e1veis como a pr\u00e1tica regular de exerc\u00edcios s\u00e3o de grande import\u00e2ncia para a manuten\u00e7\u00e3o da densidade mineral \u00f3ssea e para o tratamento da osteoporose. Especificamente, os exerc\u00edcios aer\u00f3bicos e muscula\u00e7\u00e3o, demonstram manuten\u00e7\u00e3o da massa \u00f3ssea de mulheres na p\u00f3s-menopausa tanto em coluna vertebral como no quadril.<\/p><p style=\"text-align: justify;\">Vale dizer que em pacientes com osteoporose estabelecida deve-se evitar exerc\u00edcios de alto impacto. A pr\u00e1tica regular de exerc\u00edcios melhora o equil\u00edbrio, a elasticidade e for\u00e7a muscular que, em conjunto, diminuem os riscos de quedas e, consequentemente, de fraturas.<\/p><p style=\"text-align: justify;\">TERAPIA DE REPOSI\u00c7\u00c3O HORMONAL \u2013 terapia que utiliza medicamentos que ajudam a repor os n\u00edveis de estrog\u00eanio e progesterona, que est\u00e3o diminu\u00eddos na menopausa. \u00c9 recomendada para preven\u00e7\u00e3o da osteoporose, pois possui a capacidade de aumentar a massa \u00f3ssea.<\/p><p style=\"text-align: justify;\">BIFOSFONATOS \u2013 Atuam diminuindo a perda da massa \u00f3ssea no f\u00eamur e coluna, diminuindo o risco de fraturas. Os efeitos adversos mais frequentes s\u00e3o os relacionados ao aparelho gastrointestinal.<\/p><p style=\"text-align: justify;\">MODULADORES SELETIVOS DE RECEPTORES DE ESTROG\u00caNIOS \u2013 Propiciam a estabilidade e, por vezes, o aumento na densidade mineral \u00f3ssea na coluna vertebral. Efeitos adversos incluem c\u00e2imbras de membros inferiores, sintomas vasomotores e tromboembolismo venoso.<\/p><p style=\"text-align: justify;\">CALCITONINA \u2013 Horm\u00f4nio produzido na gl\u00e2ndula tireoide que atua na diminui\u00e7\u00e3o da atividade dos osteoclastos, inibindo a reabsor\u00e7\u00e3o \u00f3ssea. Pouco utilizada na atualidade por ser a menos efetiva na preven\u00e7\u00e3o de fraturas osteopor\u00f3ticas. Necessita de administra\u00e7\u00e3o por inala\u00e7\u00e3o nasal.<\/p><p style=\"text-align: justify;\">TERIPARATIDA (PTH) \u2013 Derivado sint\u00e9tico do horm\u00f4nio da paratireoide estimula a forma\u00e7\u00e3o \u00f3ssea, utiliza\u00e7\u00e3o di\u00e1ria subcut\u00e2nea, de 18 a 24 meses. Atua na preven\u00e7\u00e3o de fraturas vertebrais e n\u00e3o vertebrais (exceto do quadril). \u00c9 contraindicado a pacientes que j\u00e1 tiveram diagn\u00f3stico de c\u00e2ncer de osso ou met\u00e1stases \u00f3sseas, hiperparatireoidismo e Doen\u00e7a de Paget.<\/p><p style=\"text-align: justify;\">DENOSUMABE: primeira medica\u00e7\u00e3o biol\u00f3gica para osteoporose, administra\u00e7\u00e3o subcut\u00e2nea a cada 6 meses. Atua na preven\u00e7\u00e3o de farturas vertebrais, do quadril e fraturas n\u00e3o vertebrais. \u00danica indicada para pacientes renais.<\/p><p style=\"text-align: justify;\">Fontes: Scientific Eletronic Library Online (SciElo Brasil) \/ Sociedade Brasileira de Ortopedia e Traumatologia (Sbot)<\/p>\t\t\t\t\t\t\t\t<\/div>\n\t\t\t\t<\/div>\n\t\t\t\t\t<\/div>\n\t\t<\/div>\n\t\t\t\t\t<\/div>\n\t\t<\/section>\n\t\t\t\t<\/div>\n\t\t","protected":false},"excerpt":{"rendered":"<p>A osteoporose \u00e9 uma doen\u00e7a ligada ao enfraquecimento dos ossos e, geralmente, est\u00e1 associada ao avan\u00e7o da idade, no entanto, os jovens n\u00e3o est\u00e3o imunes aos riscos. As aus\u00eancias de c\u00e1lcio e outros nutrientes no organismo tamb\u00e9m podem ocasionar a manifesta\u00e7\u00e3o da enfermidade em qualquer pessoa, independentemente da faixa et\u00e1ria. O alerta \u00e9 do m\u00e9dico [&hellip;]<\/p>\n","protected":false},"author":990015,"featured_media":3287,"comment_status":"closed","ping_status":"closed","sticky":false,"template":"","format":"standard","meta":{"_eb_attr":"","footnotes":""},"categories":[1],"tags":[],"class_list":["post-3286","post","type-post","status-publish","format-standard","has-post-thumbnail","hentry","category-noticias-umc"],"blocksy_meta":{"styles_descriptor":{"styles":{"desktop":"","tablet":"","mobile":""},"google_fonts":[],"version":6}},"rttpg_featured_image_url":{"full":["https:\/\/www.umc.br\/noticias\/wp-content\/uploads\/2021\/12\/af7221d0921328cdd5f786a2f7329db8.png",200,150,false],"landscape":["https:\/\/www.umc.br\/noticias\/wp-content\/uploads\/2021\/12\/af7221d0921328cdd5f786a2f7329db8.png",200,150,false],"portraits":["https:\/\/www.umc.br\/noticias\/wp-content\/uploads\/2021\/12\/af7221d0921328cdd5f786a2f7329db8.png",200,150,false],"thumbnail":["https:\/\/www.umc.br\/noticias\/wp-content\/uploads\/2021\/12\/af7221d0921328cdd5f786a2f7329db8-150x150.png",150,150,true],"medium":["https:\/\/www.umc.br\/noticias\/wp-content\/uploads\/2021\/12\/af7221d0921328cdd5f786a2f7329db8.png",200,150,false],"large":["https:\/\/www.umc.br\/noticias\/wp-content\/uploads\/2021\/12\/af7221d0921328cdd5f786a2f7329db8.png",200,150,false],"1536x1536":["https:\/\/www.umc.br\/noticias\/wp-content\/uploads\/2021\/12\/af7221d0921328cdd5f786a2f7329db8.png",200,150,false],"2048x2048":["https:\/\/www.umc.br\/noticias\/wp-content\/uploads\/2021\/12\/af7221d0921328cdd5f786a2f7329db8.png",200,150,false],"tp-image-grid":["https:\/\/www.umc.br\/noticias\/wp-content\/uploads\/2021\/12\/af7221d0921328cdd5f786a2f7329db8.png",200,150,false],"bdfe-large-thumb":["https:\/\/www.umc.br\/noticias\/wp-content\/uploads\/2021\/12\/af7221d0921328cdd5f786a2f7329db8.png",200,150,false],"bdfe-hero-slider-thumb":["https:\/\/www.umc.br\/noticias\/wp-content\/uploads\/2021\/12\/af7221d0921328cdd5f786a2f7329db8.png",200,150,false]},"rttpg_author":{"display_name":"Renato Nascimento","author_link":"https:\/\/www.umc.br\/noticias\/author\/renato\/"},"rttpg_comment":0,"rttpg_category":"<a href=\"https:\/\/www.umc.br\/noticias\/category\/noticias-umc\/\" rel=\"category tag\">Not\u00edcias UMC<\/a>","rttpg_excerpt":"A osteoporose \u00e9 uma doen\u00e7a ligada ao enfraquecimento dos ossos e, geralmente, est\u00e1 associada ao avan\u00e7o da idade, no entanto, os jovens n\u00e3o est\u00e3o imunes aos riscos. As aus\u00eancias de c\u00e1lcio e outros nutrientes no organismo tamb\u00e9m podem ocasionar a manifesta\u00e7\u00e3o da enfermidade em qualquer pessoa, independentemente da faixa et\u00e1ria. O alerta \u00e9 do m\u00e9dico&hellip;","_links":{"self":[{"href":"https:\/\/www.umc.br\/noticias\/wp-json\/wp\/v2\/posts\/3286","targetHints":{"allow":["GET"]}}],"collection":[{"href":"https:\/\/www.umc.br\/noticias\/wp-json\/wp\/v2\/posts"}],"about":[{"href":"https:\/\/www.umc.br\/noticias\/wp-json\/wp\/v2\/types\/post"}],"author":[{"embeddable":true,"href":"https:\/\/www.umc.br\/noticias\/wp-json\/wp\/v2\/users\/990015"}],"replies":[{"embeddable":true,"href":"https:\/\/www.umc.br\/noticias\/wp-json\/wp\/v2\/comments?post=3286"}],"version-history":[{"count":4,"href":"https:\/\/www.umc.br\/noticias\/wp-json\/wp\/v2\/posts\/3286\/revisions"}],"predecessor-version":[{"id":3291,"href":"https:\/\/www.umc.br\/noticias\/wp-json\/wp\/v2\/posts\/3286\/revisions\/3291"}],"wp:featuredmedia":[{"embeddable":true,"href":"https:\/\/www.umc.br\/noticias\/wp-json\/wp\/v2\/media\/3287"}],"wp:attachment":[{"href":"https:\/\/www.umc.br\/noticias\/wp-json\/wp\/v2\/media?parent=3286"}],"wp:term":[{"taxonomy":"category","embeddable":true,"href":"https:\/\/www.umc.br\/noticias\/wp-json\/wp\/v2\/categories?post=3286"},{"taxonomy":"post_tag","embeddable":true,"href":"https:\/\/www.umc.br\/noticias\/wp-json\/wp\/v2\/tags?post=3286"}],"curies":[{"name":"wp","href":"https:\/\/api.w.org\/{rel}","templated":true}]}}