{"id":11066,"date":"2026-04-30T12:10:25","date_gmt":"2026-04-30T12:10:25","guid":{"rendered":"https:\/\/www.umc.br\/noticias\/?p=11066"},"modified":"2026-04-30T15:04:10","modified_gmt":"2026-04-30T15:04:10","slug":"alteracao-na-estrutura-organizacionalda-area-academica","status":"publish","type":"post","link":"https:\/\/www.umc.br\/noticias\/alteracao-na-estrutura-organizacionalda-area-academica\/","title":{"rendered":"ALTERA\u00c7\u00c3O NA ESTRUTURA ORGANIZACIONAL DA \u00c1REA ACAD\u00caMICA"},"content":{"rendered":"\t\t<div data-elementor-type=\"wp-post\" data-elementor-id=\"11066\" class=\"elementor elementor-11066\" data-elementor-settings=\"{&quot;ha_cmc_init_switcher&quot;:&quot;no&quot;}\" data-elementor-post-type=\"post\">\n\t\t\t\t<div data-particle_enable=\"false\" data-particle-mobile-disabled=\"false\" class=\"elementor-element elementor-element-bb474f5 e-flex e-con-boxed e-con e-parent\" data-id=\"bb474f5\" data-element_type=\"container\" data-e-type=\"container\" data-settings=\"{&quot;_ha_eqh_enable&quot;:false,&quot;ekit_has_onepagescroll_dot&quot;:&quot;yes&quot;}\">\n\t\t\t\t\t<div class=\"e-con-inner\">\n\t\t\t\t<div class=\"elementor-element elementor-element-1f595eb elementor-widget elementor-widget-text-editor\" data-id=\"1f595eb\" data-element_type=\"widget\" data-e-type=\"widget\" data-settings=\"{&quot;ekit_we_effect_on&quot;:&quot;none&quot;}\" data-widget_type=\"text-editor.default\">\n\t\t\t\t<div class=\"elementor-widget-container\">\n\t\t\t\t\t\t\t\t\t<p style=\"text-align: justify;\">A Chanceler e Reitora da Universidade de Mogi das Cruzes, Prof.\u00aa Regina Coeli Bezerra de Melo, informa \u00e0 comunidade acad\u00eamica altera\u00e7\u00e3o na Diretoria de Pesquisa, P\u00f3s-Gradua\u00e7\u00e3o e Extens\u00e3o (DIPPGE).\u00a0<br \/>Desde sua cria\u00e7\u00e3o em 2017, a Diretoria de Pesquisa, P\u00f3s-Gradua\u00e7\u00e3o e Extens\u00e3o (DIPPGE), que est\u00e1 subordinada \u00e0 Pr\u00f3-Reitoria Acad\u00eamica (PROAC), foi acumulada pelo Prof. Claudio Jos\u00e9 Alves de Brito.<br \/>A partir deste momento, a Prof.\u00aa Tatiana Ribeiro de Campos Mello assume a DIPPGE, que permanece subordinada \u00e0 PROAC. Com isso, a Coordena\u00e7\u00e3o de Pesquisa e P\u00f3s-Gradua\u00e7\u00e3o <em>Stricto Sensu<\/em>, exercida desde 2023 pela Prof.\u00aa Tatiana, fica sem titular, sendo suas atribui\u00e7\u00f5es regimentais transferidas para a DIPPGE.<br \/>Com isso, nossa COREME, que abrange os programas de Resid\u00eancia M\u00e9dica da UMC e \u00e9 coordenada pelo Dr. Ant\u00f4nio Augusto Moreira Neto, bem como a Coordena\u00e7\u00e3o de P\u00f3s-Gradua\u00e7\u00e3o <em>Lato Sensu<\/em> e Extens\u00e3o, pelo Prof. Nellis Oliveira, passam a reportar-se de forma imediata a Prof.\u00aa Tatiana.<br \/>A Prof.\u00aa Tatiana tamb\u00e9m passa, por determina\u00e7\u00e3o Regimental e Estatut\u00e1ria, a ter assento permanente nos \u00f3rg\u00e3os colegiados superiores da UMC &#8211; CEPE e CONSU e permanece na coordena\u00e7\u00e3o do Programa de Mestrado e Doutorado em Pol\u00edticas P\u00fablicas.<br \/>Apenas o fluxo de trabalho e de processos na DIPPGE ser\u00e1 alterado, na pr\u00e1tica, continuam todos os profissionais juntos, promovendo de forma integrada a \u00e1rea acad\u00eamica da UMC em seus diferentes n\u00edveis: gradua\u00e7\u00e3o e p\u00f3s-gradua\u00e7\u00f5es <em>lato sensu<\/em> e <em>stricto sensu.<\/em><\/p>\t\t\t\t\t\t\t\t<\/div>\n\t\t\t\t<\/div>\n\t\t\t\t<div class=\"elementor-element elementor-element-c6e8a6d elementor-widget elementor-widget-text-editor\" data-id=\"c6e8a6d\" data-element_type=\"widget\" data-e-type=\"widget\" data-settings=\"{&quot;ekit_we_effect_on&quot;:&quot;none&quot;}\" data-widget_type=\"text-editor.default\">\n\t\t\t\t<div class=\"elementor-widget-container\">\n\t\t\t\t\t\t\t\t\t<p style=\"text-align: right;\">Universidade de Mogi das Cruzes, Gabinete da Reitoria, 27 de abril de 2026.<\/p><p style=\"text-align: right;\">Prof.\u00aa Dra. h. c. Regina Coeli Bezerra de Melo<\/p>\t\t\t\t\t\t\t\t<\/div>\n\t\t\t\t<\/div>\n\t\t\t\t\t<\/div>\n\t\t\t\t<\/div>\n\t\t\t\t<\/div>\n\t\t","protected":false},"excerpt":{"rendered":"<p>A Chanceler e Reitora da Universidade de Mogi das Cruzes, Prof.\u00aa Regina Coeli Bezerra de Melo, informa \u00e0 comunidade acad\u00eamica altera\u00e7\u00e3o na Diretoria de Pesquisa, P\u00f3s-Gradua\u00e7\u00e3o e Extens\u00e3o (DIPPGE).\u00a0Desde sua cria\u00e7\u00e3o em 2017, a Diretoria de Pesquisa, P\u00f3s-Gradua\u00e7\u00e3o e Extens\u00e3o (DIPPGE), que est\u00e1 subordinada \u00e0 Pr\u00f3-Reitoria Acad\u00eamica (PROAC), foi acumulada pelo Prof. Claudio Jos\u00e9 Alves [&hellip;]<\/p>\n","protected":false},"author":990015,"featured_media":11079,"comment_status":"open","ping_status":"open","sticky":false,"template":"","format":"standard","meta":{"_eb_attr":"","footnotes":""},"categories":[1],"tags":[],"class_list":["post-11066","post","type-post","status-publish","format-standard","has-post-thumbnail","hentry","category-noticias-umc"],"blocksy_meta":[],"rttpg_featured_image_url":{"full":["https:\/\/www.umc.br\/noticias\/wp-content\/uploads\/2026\/04\/thumb.jpg",1080,1080,false],"landscape":["https:\/\/www.umc.br\/noticias\/wp-content\/uploads\/2026\/04\/thumb.jpg",1080,1080,false],"portraits":["https:\/\/www.umc.br\/noticias\/wp-content\/uploads\/2026\/04\/thumb.jpg",1080,1080,false],"thumbnail":["https:\/\/www.umc.br\/noticias\/wp-content\/uploads\/2026\/04\/thumb-150x150.jpg",150,150,true],"medium":["https:\/\/www.umc.br\/noticias\/wp-content\/uploads\/2026\/04\/thumb-300x300.jpg",300,300,true],"large":["https:\/\/www.umc.br\/noticias\/wp-content\/uploads\/2026\/04\/thumb-1024x1024.jpg",1024,1024,true],"1536x1536":["https:\/\/www.umc.br\/noticias\/wp-content\/uploads\/2026\/04\/thumb.jpg",1080,1080,false],"2048x2048":["https:\/\/www.umc.br\/noticias\/wp-content\/uploads\/2026\/04\/thumb.jpg",1080,1080,false],"tp-image-grid":["https:\/\/www.umc.br\/noticias\/wp-content\/uploads\/2026\/04\/thumb-700x700.jpg",700,700,true],"bdfe-large-thumb":["https:\/\/www.umc.br\/noticias\/wp-content\/uploads\/2026\/04\/thumb-600x600.jpg",600,600,true],"bdfe-hero-slider-thumb":["https:\/\/www.umc.br\/noticias\/wp-content\/uploads\/2026\/04\/thumb-649x649.jpg",649,649,true]},"rttpg_author":{"display_name":"Renato Nascimento","author_link":"https:\/\/www.umc.br\/noticias\/author\/renato\/"},"rttpg_comment":0,"rttpg_category":"<a href=\"https:\/\/www.umc.br\/noticias\/category\/noticias-umc\/\" rel=\"category tag\">Not\u00edcias UMC<\/a>","rttpg_excerpt":"A Chanceler e Reitora da Universidade de Mogi das Cruzes, Prof.\u00aa Regina Coeli Bezerra de Melo, informa \u00e0 comunidade acad\u00eamica altera\u00e7\u00e3o na Diretoria de Pesquisa, P\u00f3s-Gradua\u00e7\u00e3o e Extens\u00e3o (DIPPGE).\u00a0Desde sua cria\u00e7\u00e3o em 2017, a Diretoria de Pesquisa, P\u00f3s-Gradua\u00e7\u00e3o e Extens\u00e3o (DIPPGE), que est\u00e1 subordinada \u00e0 Pr\u00f3-Reitoria Acad\u00eamica (PROAC), foi acumulada pelo Prof. Claudio Jos\u00e9 Alves&hellip;","_links":{"self":[{"href":"https:\/\/www.umc.br\/noticias\/wp-json\/wp\/v2\/posts\/11066","targetHints":{"allow":["GET"]}}],"collection":[{"href":"https:\/\/www.umc.br\/noticias\/wp-json\/wp\/v2\/posts"}],"about":[{"href":"https:\/\/www.umc.br\/noticias\/wp-json\/wp\/v2\/types\/post"}],"author":[{"embeddable":true,"href":"https:\/\/www.umc.br\/noticias\/wp-json\/wp\/v2\/users\/990015"}],"replies":[{"embeddable":true,"href":"https:\/\/www.umc.br\/noticias\/wp-json\/wp\/v2\/comments?post=11066"}],"version-history":[{"count":14,"href":"https:\/\/www.umc.br\/noticias\/wp-json\/wp\/v2\/posts\/11066\/revisions"}],"predecessor-version":[{"id":11082,"href":"https:\/\/www.umc.br\/noticias\/wp-json\/wp\/v2\/posts\/11066\/revisions\/11082"}],"wp:featuredmedia":[{"embeddable":true,"href":"https:\/\/www.umc.br\/noticias\/wp-json\/wp\/v2\/media\/11079"}],"wp:attachment":[{"href":"https:\/\/www.umc.br\/noticias\/wp-json\/wp\/v2\/media?parent=11066"}],"wp:term":[{"taxonomy":"category","embeddable":true,"href":"https:\/\/www.umc.br\/noticias\/wp-json\/wp\/v2\/categories?post=11066"},{"taxonomy":"post_tag","embeddable":true,"href":"https:\/\/www.umc.br\/noticias\/wp-json\/wp\/v2\/tags?post=11066"}],"curies":[{"name":"wp","href":"https:\/\/api.w.org\/{rel}","templated":true}]}}